{"id":2930,"date":"2023-10-30T18:08:54","date_gmt":"2023-10-31T00:08:54","guid":{"rendered":"https:\/\/thealphacenter.org\/riesgos-del-aborto-farmacologico\/"},"modified":"2025-10-23T02:25:23","modified_gmt":"2025-10-23T08:25:23","slug":"riesgos-del-aborto-farmacologico","status":"publish","type":"post","link":"https:\/\/thealphacenter.org\/es\/riesgos-del-aborto-farmacologico\/","title":{"rendered":"Riesgos del aborto farmacol\u00f3gico"},"content":{"rendered":"<h1><\/h1>\n<p><span style=\"font-weight: 400;\">El aborto m\u00e9dico (a veces conocido como RU-486, Plan C, aborto qu\u00edmico o aborto farmacol\u00f3gico) es la interrupci\u00f3n intencionada de un embarazo de<\/span><span style=\"font-weight: 400;\">hasta 12 semanas de gestaci\u00f3n<\/span><span style=\"font-weight: 400;\"> tomando una combinaci\u00f3n de dos p\u00edldoras.<\/span><\/p>\n<p><span style=\"font-weight: 400;\">La primera, la mifepristona, bloquea todos los nutrientes al embarazo y, por tanto, provoca la muerte del feto. A continuaci\u00f3n, entre 24 y 48 horas despu\u00e9s, se toma misoprostol para inducir contracciones que expulsen el contenido del \u00fatero.<\/span><\/p>\n<h2><b>\u00bfQui\u00e9n no debe someterse a un aborto farmacol\u00f3gico?<\/b><\/h2>\n<p><span style=\"font-weight: 400;\">Seg\u00fan la<\/span><a href=\"https:\/\/www.accessdata.fda.gov\/drugsatfda_docs\/label\/2023\/020687Orig1s025Lbl.pdf\" data-wpel-link=\"external\" rel=\"external noopener noreferrer\"> <span style=\"font-weight: 400;\">Informaci\u00f3n sobre el Mifeprex<\/span><\/a><span style=\"font-weight: 400;\">los pacientes que:<\/span><\/p>\n<ul>\n<li style=\"font-weight: 400;\" aria-level=\"1\"><span style=\"font-weight: 400;\">tener un embarazo ect\u00f3pico confirmado o sospechado<\/span><\/li>\n<li style=\"font-weight: 400;\" aria-level=\"1\"><span style=\"font-weight: 400;\">tienen riesgo de hemorragia<\/span><\/li>\n<li style=\"font-weight: 400;\" aria-level=\"1\"><span style=\"font-weight: 400;\">insuficiencia suprarrenal cr\u00f3nica (incluyendo enfermedad hep\u00e1tica o renal)<\/span><\/li>\n<li style=\"font-weight: 400;\" aria-level=\"1\"><span style=\"font-weight: 400;\">tener colocado un DIU<\/span><\/li>\n<li style=\"font-weight: 400;\" aria-level=\"1\"><span style=\"font-weight: 400;\">est\u00e1 tomando anticoagulantes o ciertos medicamentos esteroideos<\/span><\/li>\n<li style=\"font-weight: 400;\" aria-level=\"1\"><span style=\"font-weight: 400;\">est\u00e1 tomando <\/span><a href=\"https:\/\/www.mayoclinic.org\/drugs-supplements\/mifepristone-oral-route\/description\/drg-20067123\" data-wpel-link=\"external\" rel=\"external noopener noreferrer\"><br \/>\n  <span style=\"font-weight: 400;\">cualquier medicamento que pueda estar contraindicado<\/span><br \/>\n<\/a><span style=\"font-weight: 400;\"> <\/span><\/li>\n<\/ul>\n<p><span style=\"font-weight: 400;\">no debe recurrir al aborto farmacol\u00f3gico.<\/span><\/p>\n<h2><b>\u00bfC\u00f3mo puedo evitar complicaciones con las p\u00edldoras abortivas?<\/b><\/h2>\n<p><span style=\"font-weight: 400;\">Aunque nunca se pueden eliminar por completo las complicaciones, es importante someterse a una exploraci\u00f3n previa al aborto para asegurarse de que:<\/span><\/p>\n<ul>\n<li style=\"font-weight: 400;\" aria-level=\"1\"><span style=\"font-weight: 400;\">Est\u00e1s embarazada  <\/span><\/li>\n<li style=\"font-weight: 400;\" aria-level=\"1\"><span style=\"font-weight: 400;\">La fecha de su periodo es exacta<\/span><\/li>\n<li style=\"font-weight: 400;\" aria-level=\"1\"><span style=\"font-weight: 400;\">No tiene un embarazo ect\u00f3pico (ecograf\u00eda)<\/span><\/li>\n<li style=\"font-weight: 400;\" aria-level=\"1\"><span style=\"font-weight: 400;\">No est\u00e1s sufriendo un aborto espont\u00e1neo (y, por tanto, no ser\u00eda necesario tomar la p\u00edldora abortiva).<\/span><\/li>\n<li style=\"font-weight: 400;\" aria-level=\"1\"><span style=\"font-weight: 400;\">No tiene ninguna ETS <\/span><br \/>\n  <span style=\"font-weight: 400;\"> (<\/span><br \/>\n  <span style=\"font-weight: 400;\">lo que aumenta el riesgo<\/span><br \/>\n<span style=\"font-weight: 400;\"> de enfermedad inflamatoria p\u00e9lvica)<\/span><\/li>\n<li style=\"font-weight: 400;\" aria-level=\"1\"><span style=\"font-weight: 400;\">Saber si tu RH es negativo o positivo (tu enfermera puede coment\u00e1rtelo), ya que podr\u00eda afectar a futuros embarazos.<\/span><\/li>\n<\/ul>\n<p><span style=\"font-weight: 400;\">Alpha Center ofrece pruebas de detecci\u00f3n pre-aborto de forma gratuita y cree que una decisi\u00f3n informada es la mejor decisi\u00f3n.<\/span><a href=\"https:\/\/thealphacenter.org\/es\/pongase-en-contacto-con-nosotros\/\" data-wpel-link=\"internal\"> <span style=\"font-weight: 400;\">Programa tu cita<\/span><\/a><span style=\"font-weight: 400;\"> hoy mismo.<\/span><\/p>\n<h2><b>\u00bfPuedo tomar la p\u00edldora abortiva si tengo un DIU?<\/b><\/h2>\n<p><span style=\"font-weight: 400;\">No. Debes extraerte el DIU antes de tomar la p\u00edldora abortiva y ponerte en contacto con tu m\u00e9dico de cabecera o ginec\u00f3logo.<\/span><\/p>\n<h2><\/h2>\n<p>&nbsp;<\/p>\n<h2><b>\u00bfEs seguro el aborto farmacol\u00f3gico en comparaci\u00f3n con el quir\u00fargico?<\/b><\/h2>\n<p><span style=\"font-weight: 400;\">Aunque ambos se consideran relativamente seguros, los abortos con medicaci\u00f3n se asocian <\/span><span style=\"font-weight: 400;\">con <\/span><a href=\"https:\/\/journals.lww.com\/greenjournal\/abstract\/2009\/10000\/immediate_complications_after_medical_compared.14.aspx\" data-wpel-link=\"external\" rel=\"external noopener noreferrer\"><br \/>\n  <span style=\"font-weight: 400;\">cuatro veces <\/span><br \/>\n<\/a><span style=\"font-weight: 400;\">de complicaciones, como hemorragias y abortos incompletos, que los abortos quir\u00fargicos.<\/span><span style=\"font-weight: 400;\">.<\/span><\/p>\n<p><span style=\"font-weight: 400;\">Aproximadamente el 7% de las mujeres que se someten a un aborto farmacol\u00f3gico necesitar\u00e1n cirug\u00eda para completar el aborto.<\/span><\/p>\n<p><span style=\"font-weight: 400;\">Antes de tomar la p\u00edldora abortiva, aseg\u00farate de saber d\u00f3nde se encuentra el servicio de urgencias m\u00e1s cercano. Aseg\u00farate de decirle al m\u00e9dico que tomaste la p\u00edldora abortiva como  <\/span><span style=\"font-weight: 400;\">esto puede afectar a su tratamiento<\/span><span style=\"font-weight: 400;\">. En Colorado, el aborto no tiene consecuencias legales, y la honestidad es siempre lo mejor cuando se trata de atenci\u00f3n m\u00e9dica.<\/span><\/p>\n<p><span style=\"font-weight: 400;\">Tambi\u00e9n se recomienda acudir a una cita de seguimiento para asegurarse de que el aborto se ha completado y no necesita m\u00e1s cuidados. Aborto quir\u00fargico  <\/span><a href=\"https:\/\/www.mayoclinic.org\/drugs-supplements\/mifepristone-oral-route\/description\/drg-20067123\" data-wpel-link=\"external\" rel=\"external noopener noreferrer\"><br \/>\n  <span style=\"font-weight: 400;\">a veces es necesario<\/span><br \/>\n<\/a><span style=\"font-weight: 400;\"> para completar el aborto.<\/span><\/p>\n<h2><b>Complicaciones poco frecuentes<\/b><\/h2>\n<p><span style=\"font-weight: 400;\">En una revisi\u00f3n de los informes de efectos adversos (EA) tras el uso del aborto farmacol\u00f3gico de la FDA, se produjeron 20 muertes tras el uso del aborto farmacol\u00f3gico entre 2000 y 2019. 529 EA fueron potencialmente mortales, 1957 graves, 151 moderados y 3 leves.<\/span><\/p>\n<h2><b>\u00bfPor qu\u00e9 necesito una ecograf\u00eda?<\/b><\/h2>\n<p><span style=\"font-weight: 400;\">Durante una cita de cribado previo al aborto, si la prueba de embarazo da positivo y la paciente es apta, nuestras enfermeras le har\u00e1n una ecograf\u00eda.<\/span><\/p>\n<p><span style=\"font-weight: 400;\">La ecograf\u00eda es importante por varias razones, la primera es que<\/span><a href=\"https:\/\/www.acog.org\/clinical\/clinical-guidance\/committee-opinion\/articles\/2017\/05\/methods-for-estimating-the-due-date#:~:text=If%20the%20patient%20is%20unsure,prioritized%20as%20the%20most%20reliable\" data-wpel-link=\"external\" rel=\"external noopener noreferrer\"> <span style=\"font-weight: 400;\">seg\u00fan el ACOG<\/span><\/a><span style=\"font-weight: 400;\">Una fecha de parto determinada sin ecograf\u00eda se considera &#8220;sub\u00f3ptima&#8221; (es decir, no fiable). En  <\/span><a href=\"https:\/\/pubmed.ncbi.nlm.nih.gov\/21317416\/\" data-wpel-link=\"external\" rel=\"external noopener noreferrer\"><br \/>\n  <span style=\"font-weight: 400;\">riesgo de aborto incompleto<\/span><br \/>\n<\/a><span style=\"font-weight: 400;\"> y necesidad de intervenci\u00f3n quir\u00fargica aumenta a medida que avanza el embarazo.<\/span><\/p>\n<p>  <span style=\"font-weight: 400;\">Casi el 20% de las mujeres<\/span><br \/>\n<span style=\"font-weight: 400;\"> no fueron capaces de indicar con exactitud la fecha de su \u00faltima menstruaci\u00f3n (FUR).<\/span><\/p>\n<h2><span style=\"font-weight: 400;\">\u00bfC\u00f3mo puedo evitar riesgos?<\/span><\/h2>\n<p><span style=\"font-weight: 400;\">Como con cualquier protocolo de medicaci\u00f3n y\/o procedimiento m\u00e9dico, es importante sopesar los riesgos potenciales frente a los beneficios asociados a la medicaci\u00f3n.<\/span><\/p>\n<p><span style=\"font-weight: 400;\">Muchos de estos riesgos pueden mitigarse (pero no eliminarse) haci\u00e9ndose un chequeo pre-aborto, que Alpha Center proporciona sin coste alguno para usted. Solicitar una cita<\/span> <a href=\"https:\/\/thealphacenter.org\/es\/pongase-en-contacto-con-nosotros\/\" data-wpel-link=\"internal\"> <span style=\"font-weight: 400;\">aqu\u00ed<\/span><\/a><span style=\"font-weight: 400;\">.<\/span><\/p>\n<p><i><span style=\"font-weight: 400;\">(Alpha Center no practica ni deriva abortos, lo que significa que no tenemos ning\u00fan inter\u00e9s econ\u00f3mico en tu decisi\u00f3n).<\/span><\/i><\/p>\n<h3><b>Citaciones:<\/b><\/h3>\n<ol>\n<li style=\"font-weight: 400;\" aria-level=\"1\"><span style=\"font-weight: 400;\">Niinim\u00e4ki, Maarit MD1,2; Pouta, Anneli MD, PhD1; Bloigu, Aini3; Gissler, Mika BSc, PhD4,5; Hemminki, Elina MD, PhD4; Suhonen, Satu MD, PhD5; Heikinheimo, Oskari MD, PhD5. Complicaciones inmediatas tras la interrupci\u00f3n m\u00e9dica del embarazo en comparaci\u00f3n con la interrupci\u00f3n quir\u00fargica. Obstetrics &amp; Gynecology 114(4):p 795-804, octubre de 2009. | DOI: 10.1097\/AOG.0b013e3181b5ccf9<\/span><\/li>\n<li style=\"font-weight: 400;\" aria-level=\"1\"><span style=\"font-weight: 400;\">M\u00e9todos para estimar la fecha de vencimiento. Opini\u00f3n del Comit\u00e9 n\u00ba 700. Colegio Americano de Obstetras y Ginec\u00f3logos. Obstet Gynecol 2017;129:e150-4.<\/span><\/li>\n<li style=\"font-weight: 400;\" aria-level=\"1\"><span style=\"font-weight: 400;\">Ganesa Wegienka y Donna Day Baird.A Comparison of Recalled Date of Last Menstrual Period with Prospectively Recorded Dates.Journal of Women&#8217;s Health.abr 2005.248-252.<\/span> <span style=\"font-weight: 400;\">http:\/\/doi.org\/10.1089\/jwh.2005.14.248<\/span><\/li>\n<li style=\"font-weight: 400;\" aria-level=\"1\"><span style=\"font-weight: 400;\">Cl\u00ednica Mayo (2022, 12 de marzo).  <\/span><i><span style=\"font-weight: 400;\">Embarazo ect\u00f3pico<\/span><\/i><span style=\"font-weight: 400;\">. Extra\u00eddo el 25 de septiembre de 2023, de<\/span><a href=\"https:\/\/www.mayoclinic.org\/diseases-conditions\/ectopic-pregnancy\/symptoms-causes\/syc-20372088#symptoms\" data-wpel-link=\"external\" rel=\"external noopener noreferrer\"> <span style=\"font-weight: 400;\">https:\/\/www.mayoclinic.org\/diseases-conditions\/ectopic-pregnancy\/symptoms-causes\/syc-20372088#symptoms<\/span><\/a><\/li>\n<li style=\"font-weight: 400;\" aria-level=\"1\"><span style=\"font-weight: 400;\">ACOG (2022, 1 de junio).  <\/span><i><span style=\"font-weight: 400;\">El factor Rh: C\u00f3mo puede afectar a su embarazo<\/span><\/i><span style=\"font-weight: 400;\">. Colegio Americano de Obstetricia y Ginecolog\u00eda. Extra\u00eddo el 25 de septiembre de 2023, de<\/span><a href=\"https:\/\/www.acog.org\/womens-health\/faqs\/the-rh-factor-how-it-can-affect-your-pregnancy\" data-wpel-link=\"external\" rel=\"external noopener noreferrer\"> <span style=\"font-weight: 400;\">https:\/\/www.acog.org\/womens-health\/faqs\/the-rh-factor-how-it-can-affect-your-pregnancy<\/span><\/a><\/li>\n<li style=\"font-weight: 400;\" aria-level=\"1\"><span style=\"font-weight: 400;\">Bjartling C, Osser S, Persson K. The association between Mycoplasma genitalium and pelvic inflammatory disease after termination of pregnancy. BJOG 2010;117:361-364.<\/span><\/li>\n<li style=\"font-weight: 400;\" aria-level=\"1\"><span style=\"font-weight: 400;\">Mentula MJ, Niinim\u00e4ki M, Suhonen S, Hemminki E, Gissler M, Heikinheimo O. Inmediate adverse events after second trimester medical termination of pregnancy: results of a nationwide registry study. Hum Reprod. 2011 Abr;26(4):927-32. doi: 10.1093\/humrep\/der016. Epub 2011 Feb 11. PMID: 21317416.<\/span><\/li>\n<li style=\"font-weight: 400;\" aria-level=\"1\"><span style=\"font-weight: 400;\">Studnicki J, Longbons T, Harrison DJ, et al. Un an\u00e1lisis exploratorio post hoc: Las Complicaciones de Aborto Inducido Confundidas con Aborto Espont\u00e1neo en Urgencias son un Factor de Riesgo de Hospitalizaci\u00f3n. Investigaci\u00f3n sobre servicios sanitarios y epidemiolog\u00eda empresarial. 2022;9. doi:10.1177\/23333928221103107<\/span><\/li>\n<\/ol>\n<p>&nbsp;<\/p>\n<p><em>Escrito por Kristen Long para Alpha Center. Octubre de 2023.<\/em><\/p>\n","protected":false},"excerpt":{"rendered":"<p>El aborto m\u00e9dico (a veces conocido como RU-486, Plan C, aborto qu\u00edmico o aborto farmacol\u00f3gico) es la interrupci\u00f3n intencionada de un embarazo dehasta 12 semanas de gestaci\u00f3n tomando una combinaci\u00f3n de dos p\u00edldoras. La primera, la mifepristona, bloquea todos los nutrientes al embarazo y, por tanto, provoca la muerte del feto. A continuaci\u00f3n, entre 24<\/p>\n","protected":false},"author":2,"featured_media":0,"comment_status":"open","ping_status":"open","sticky":false,"template":"","format":"standard","meta":{"_acf_changed":false,"footnotes":""},"categories":[48,6,41,1],"tags":[66,77,59,68,67,69,64,71,63],"class_list":["post-2930","post","type-post","status-publish","format-standard","hentry","category-embarazo","category-pregnancy","category-sin-categorizar","category-uncategorized","tag-aborto","tag-aborto-en-casa","tag-aborto-farmacologico","tag-aborto-precoz","tag-aborto-quimico","tag-cribado-preaborto","tag-embarazo-no-planificado","tag-fort-collins-es","tag-ru486-es"],"acf":[],"yoast_head":"<!-- This site is optimized with the Yoast SEO Premium plugin v27.0 (Yoast SEO v27.4) - https:\/\/yoast.com\/product\/yoast-seo-premium-wordpress\/ -->\n<title>Riesgos del aborto farmacol\u00f3gico - Alpha Center<\/title>\n<meta name=\"description\" content=\"En general, el aborto farmacol\u00f3gico se considera seguro, pero existen riesgos que deben tenerse en cuenta. M\u00e1s informaci\u00f3n.\" \/>\n<meta name=\"robots\" content=\"index, follow, max-snippet:-1, max-image-preview:large, max-video-preview:-1\" \/>\n<link rel=\"canonical\" href=\"https:\/\/thealphacenter.org\/es\/riesgos-del-aborto-farmacologico\/\" \/>\n<meta property=\"og:locale\" content=\"es_ES\" \/>\n<meta property=\"og:type\" content=\"article\" \/>\n<meta property=\"og:title\" content=\"Riesgos del aborto farmacol\u00f3gico\" \/>\n<meta property=\"og:description\" content=\"En general, el aborto farmacol\u00f3gico se considera seguro, pero existen riesgos que deben tenerse en cuenta. M\u00e1s informaci\u00f3n.\" \/>\n<meta property=\"og:url\" content=\"https:\/\/thealphacenter.org\/es\/riesgos-del-aborto-farmacologico\/\" \/>\n<meta property=\"og:site_name\" content=\"Alpha Center\" \/>\n<meta property=\"article:publisher\" content=\"https:\/\/www.facebook.com\/thealphacenter\" \/>\n<meta property=\"article:published_time\" content=\"2023-10-31T00:08:54+00:00\" \/>\n<meta property=\"article:modified_time\" content=\"2025-10-23T08:25:23+00:00\" \/>\n<meta name=\"author\" content=\"clm\" \/>\n<meta name=\"twitter:card\" content=\"summary_large_image\" \/>\n<meta name=\"twitter:label1\" content=\"Written by\" \/>\n\t<meta name=\"twitter:data1\" content=\"clm\" \/>\n\t<meta name=\"twitter:label2\" content=\"Est. reading time\" \/>\n\t<meta name=\"twitter:data2\" content=\"5 minutes\" \/>\n<!-- \/ Yoast SEO Premium plugin. -->","yoast_head_json":{"title":"Riesgos del aborto farmacol\u00f3gico - Alpha Center","description":"En general, el aborto farmacol\u00f3gico se considera seguro, pero existen riesgos que deben tenerse en cuenta. M\u00e1s informaci\u00f3n.","robots":{"index":"index","follow":"follow","max-snippet":"max-snippet:-1","max-image-preview":"max-image-preview:large","max-video-preview":"max-video-preview:-1"},"canonical":"https:\/\/thealphacenter.org\/es\/riesgos-del-aborto-farmacologico\/","og_locale":"es_ES","og_type":"article","og_title":"Riesgos del aborto farmacol\u00f3gico","og_description":"En general, el aborto farmacol\u00f3gico se considera seguro, pero existen riesgos que deben tenerse en cuenta. M\u00e1s informaci\u00f3n.","og_url":"https:\/\/thealphacenter.org\/es\/riesgos-del-aborto-farmacologico\/","og_site_name":"Alpha Center","article_publisher":"https:\/\/www.facebook.com\/thealphacenter","article_published_time":"2023-10-31T00:08:54+00:00","article_modified_time":"2025-10-23T08:25:23+00:00","author":"clm","twitter_card":"summary_large_image","twitter_misc":{"Written by":"clm","Est. reading time":"5 minutes"},"schema":{"@context":"https:\/\/schema.org","@graph":[{"@type":"Article","@id":"https:\/\/thealphacenter.org\/es\/riesgos-del-aborto-farmacologico\/#article","isPartOf":{"@id":"https:\/\/thealphacenter.org\/es\/riesgos-del-aborto-farmacologico\/"},"author":{"name":"clm","@id":"https:\/\/thealphacenter.org\/es\/#\/schema\/person\/e67f3aaaf5683d9e97b216ee9708fbe7"},"headline":"Riesgos del aborto farmacol\u00f3gico","datePublished":"2023-10-31T00:08:54+00:00","dateModified":"2025-10-23T08:25:23+00:00","mainEntityOfPage":{"@id":"https:\/\/thealphacenter.org\/es\/riesgos-del-aborto-farmacologico\/"},"wordCount":1001,"commentCount":0,"publisher":{"@id":"https:\/\/thealphacenter.org\/es\/#organization"},"keywords":["aborto","aborto en casa","aborto farmacol\u00f3gico","aborto precoz","aborto qu\u00edmico","cribado preaborto","embarazo no planificado","fort collins","ru486"],"articleSection":["Embarazo","Pregnancy","Sin categorizar"],"inLanguage":"es-ES","potentialAction":[{"@type":"CommentAction","name":"Comment","target":["https:\/\/thealphacenter.org\/es\/riesgos-del-aborto-farmacologico\/#respond"]}]},{"@type":"WebPage","@id":"https:\/\/thealphacenter.org\/es\/riesgos-del-aborto-farmacologico\/","url":"https:\/\/thealphacenter.org\/es\/riesgos-del-aborto-farmacologico\/","name":"Riesgos del aborto farmacol\u00f3gico - Alpha Center","isPartOf":{"@id":"https:\/\/thealphacenter.org\/es\/#website"},"datePublished":"2023-10-31T00:08:54+00:00","dateModified":"2025-10-23T08:25:23+00:00","description":"En general, el aborto farmacol\u00f3gico se considera seguro, pero existen riesgos que deben tenerse en cuenta. M\u00e1s informaci\u00f3n.","breadcrumb":{"@id":"https:\/\/thealphacenter.org\/es\/riesgos-del-aborto-farmacologico\/#breadcrumb"},"inLanguage":"es-ES","potentialAction":[{"@type":"ReadAction","target":["https:\/\/thealphacenter.org\/es\/riesgos-del-aborto-farmacologico\/"]}]},{"@type":"BreadcrumbList","@id":"https:\/\/thealphacenter.org\/es\/riesgos-del-aborto-farmacologico\/#breadcrumb","itemListElement":[{"@type":"ListItem","position":1,"name":"Home","item":"https:\/\/thealphacenter.org\/es\/"},{"@type":"ListItem","position":2,"name":"Riesgos del aborto farmacol\u00f3gico"}]},{"@type":"WebSite","@id":"https:\/\/thealphacenter.org\/es\/#website","url":"https:\/\/thealphacenter.org\/es\/","name":"Alpha Center","description":"","publisher":{"@id":"https:\/\/thealphacenter.org\/es\/#organization"},"potentialAction":[{"@type":"SearchAction","target":{"@type":"EntryPoint","urlTemplate":"https:\/\/thealphacenter.org\/es\/?s={search_term_string}"},"query-input":{"@type":"PropertyValueSpecification","valueRequired":true,"valueName":"search_term_string"}}],"inLanguage":"es-ES"},{"@type":"Organization","@id":"https:\/\/thealphacenter.org\/es\/#organization","name":"Alpha Center","url":"https:\/\/thealphacenter.org\/es\/","logo":{"@type":"ImageObject","inLanguage":"es-ES","@id":"https:\/\/thealphacenter.org\/es\/#\/schema\/logo\/image\/","url":"https:\/\/thealphacenter.org\/wp-content\/uploads\/2025\/03\/horizontal-logo-2022.png","contentUrl":"https:\/\/thealphacenter.org\/wp-content\/uploads\/2025\/03\/horizontal-logo-2022.png","width":700,"height":150,"caption":"Alpha Center"},"image":{"@id":"https:\/\/thealphacenter.org\/es\/#\/schema\/logo\/image\/"},"sameAs":["https:\/\/www.facebook.com\/thealphacenter","https:\/\/www.instagram.com\/thealphacentercolorado"]},{"@type":"Person","@id":"https:\/\/thealphacenter.org\/es\/#\/schema\/person\/e67f3aaaf5683d9e97b216ee9708fbe7","name":"clm","image":{"@type":"ImageObject","inLanguage":"es-ES","@id":"https:\/\/secure.gravatar.com\/avatar\/c24458a882c36348fb73118eb786fc9008ef32f8bda4f0dab301803853db757b?s=96&d=mm&r=g","url":"https:\/\/secure.gravatar.com\/avatar\/c24458a882c36348fb73118eb786fc9008ef32f8bda4f0dab301803853db757b?s=96&d=mm&r=g","contentUrl":"https:\/\/secure.gravatar.com\/avatar\/c24458a882c36348fb73118eb786fc9008ef32f8bda4f0dab301803853db757b?s=96&d=mm&r=g","caption":"clm"},"url":"https:\/\/thealphacenter.org\/es\/author\/clm\/"}]}},"_links":{"self":[{"href":"https:\/\/thealphacenter.org\/es\/wp-json\/wp\/v2\/posts\/2930","targetHints":{"allow":["GET"]}}],"collection":[{"href":"https:\/\/thealphacenter.org\/es\/wp-json\/wp\/v2\/posts"}],"about":[{"href":"https:\/\/thealphacenter.org\/es\/wp-json\/wp\/v2\/types\/post"}],"author":[{"embeddable":true,"href":"https:\/\/thealphacenter.org\/es\/wp-json\/wp\/v2\/users\/2"}],"replies":[{"embeddable":true,"href":"https:\/\/thealphacenter.org\/es\/wp-json\/wp\/v2\/comments?post=2930"}],"version-history":[{"count":7,"href":"https:\/\/thealphacenter.org\/es\/wp-json\/wp\/v2\/posts\/2930\/revisions"}],"predecessor-version":[{"id":4491,"href":"https:\/\/thealphacenter.org\/es\/wp-json\/wp\/v2\/posts\/2930\/revisions\/4491"}],"wp:attachment":[{"href":"https:\/\/thealphacenter.org\/es\/wp-json\/wp\/v2\/media?parent=2930"}],"wp:term":[{"taxonomy":"category","embeddable":true,"href":"https:\/\/thealphacenter.org\/es\/wp-json\/wp\/v2\/categories?post=2930"},{"taxonomy":"post_tag","embeddable":true,"href":"https:\/\/thealphacenter.org\/es\/wp-json\/wp\/v2\/tags?post=2930"}],"curies":[{"name":"wp","href":"https:\/\/api.w.org\/{rel}","templated":true}]}}