{"id":2926,"date":"2022-08-08T15:09:51","date_gmt":"2022-08-08T21:09:51","guid":{"rendered":"https:\/\/thealphacenter.org\/es-legal-el-aborto-en-colorado\/"},"modified":"2025-10-23T02:25:20","modified_gmt":"2025-10-23T08:25:20","slug":"es-legal-el-aborto-en-colorado","status":"publish","type":"post","link":"https:\/\/thealphacenter.org\/es\/es-legal-el-aborto-en-colorado\/","title":{"rendered":"\u00bfEs legal el aborto en Colorado?"},"content":{"rendered":"<p>&nbsp;<\/p>\n<p><i><br \/>\n  <span style=\"font-weight: 400;\">Descargo de responsabilidad: <\/span><br \/>\n<\/i><i><br \/>\n  <span style=\"font-weight: 400;\">La informaci\u00f3n en este post se proporciona \u00fanicamente con fines informativos, y no debe <\/span><br \/>\n<\/i><b><br \/>\n  <i>no debe<\/i><br \/>\n<\/b><i><br \/>\n  <span style=\"font-weight: 400;\"> interpretarse como <\/span><br \/>\n<\/i><b><br \/>\n  <i>asesoramiento jur\u00eddico<\/i><br \/>\n<\/b><i><br \/>\n  <span style=\"font-weight: 400;\"> sobre ning\u00fan tema.<\/span><br \/>\n<\/i><\/p>\n<h4><b>P: \u00bfEs legal el aborto en Colorado?<\/b><\/h4>\n<p><span style=\"font-weight: 400;\">R: S\u00ed, el aborto es legal hasta las 40 semanas de gestaci\u00f3n en Colorado.  <\/span><\/p>\n<h4><b>P: \u00bfEl <\/b><b><br \/>\n  <i>Dobbs<\/i><br \/>\n<\/b><b> afecta a la legalidad del aborto en Colorado?<\/b><\/h4>\n<p><span style=\"font-weight: 400;\">R: No. En resumen, la anulaci\u00f3n del caso Roe contra Wade devolvi\u00f3 la decisi\u00f3n a los estados individuales en lugar de ser una cuesti\u00f3n decidida a nivel federal. En abril, la  <\/span><a href=\"https:\/\/leg.colorado.gov\/bills\/hb22-1279\" data-wpel-link=\"external\" rel=\"external noopener noreferrer\"><br \/>\n  <span style=\"font-weight: 400;\">Ley de Equidad en Salud Reproductiva<\/span><br \/>\n<\/a><span style=\"font-weight: 400;\"> de Colorado codific\u00f3 el derecho a abortar y proh\u00edbe al gobierno prohibir el procedimiento o el acceso a los anticonceptivos.<\/span><\/p>\n<h4><b>P: \u00bfY si soy menor?<\/b><\/h4>\n<p><span style=\"font-weight: 400;\">R: La ley de Colorado exige que se notifique a sus padres o tutores legales, pero no es necesario su consentimiento.<\/span><\/p>\n<h4><b>P: \u00bfQu\u00e9 debo saber antes de abortar?  <\/b><\/h4>\n<p><span style=\"font-weight: 400;\">R: Antes de abortar (o de viajar para abortar), es importante que sepas si tu embarazo es viable o no, la edad gestacional del embarazo, la localizaci\u00f3n del embarazo y si tienes o no una ETS.  <\/span><\/p>\n<h5><b>Pregunta de seguimiento: \u00bfPor qu\u00e9?<\/b><\/h5>\n<p><strong><i>Viabilidad<\/i><\/strong><span style=\"font-weight: 400;\"><strong>:<\/strong> Dado que aproximadamente 1 de cada 3 embarazos (conocidos y desconocidos) no llegan a t\u00e9rmino y terminan por s\u00ed solos, es posible que no necesites abortar. La viabilidad se determina mediante ecograf\u00eda. Durante la ecograf\u00eda, nuestras enfermeras tambi\u00e9n comprobar\u00e1n que el embarazo est\u00e9 localizado en el \u00fatero y no  <\/span><a href=\"https:\/\/www.mayoclinic.org\/diseases-conditions\/ectopic-pregnancy\/symptoms-causes\/syc-20372088#:~:text=An%20ectopic%20pregnancy%20occurs%20when,is%20called%20a%20tubal%20pregnancy.\" data-wpel-link=\"external\" rel=\"external noopener noreferrer\"><br \/>\n  <span style=\"font-weight: 400;\">ect\u00f3pico<\/span><br \/>\n<\/a><span style=\"font-weight: 400;\">ya que el tratamiento del embarazo ect\u00f3pico es diferente al del aborto electivo y, si no se trata, puede provocar hemorragias potencialmente mortales.<\/span><\/p>\n<p><strong><i>Edad gestacional:<\/i><\/strong><span style=\"font-weight: 400;\">  La edad del embarazo determina el tipo de aborto al que puedes optar. A medida que avanza el embarazo, aumenta la tasa de fracaso de un aborto farmacol\u00f3gico (o p\u00edldora abortiva, RU-486).  <\/span><\/p>\n<p><i><br \/>\n  <span style=\"font-weight: 400;\"><strong>Pruebas de ETS<\/strong>:<\/span><br \/>\n<\/i> Tanto si se trata de un aborto m\u00e9dico como quir\u00fargico,  <span style=\"font-weight: 400;\">existe el riesgo de introducir bacterias en su aparato reproductor. Si tienes una ETS en el momento de la intervenci\u00f3n, la infecci\u00f3n podr\u00eda introducirse en tu \u00fatero, lo que puede provocar  <\/span><a href=\"https:\/\/www.cdc.gov\/pid\/about\/?CDC_AAref_Val=https:\/\/www.cdc.gov\/std\/pid\/stdfact-pid.htm\" data-wpel-link=\"external\" rel=\"external noopener noreferrer\"><span style=\"font-weight: 400;\">Enfermedad inflamatoria p\u00e9lvica.<\/span><\/a><span style=\"font-weight: 400;\">  Por eso recomendamos hacerse pruebas de ETS independientemente del tipo de aborto que se est\u00e9 considerando.  <\/span><\/p>\n<h4><b>P: \u00bfC\u00f3mo puedo obtener esta informaci\u00f3n?<\/b><\/h4>\n<p><span style=\"font-weight: 400;\">R: En Alpha Center ofrecemos revisiones previas al aborto. Nuestras citas incluyen una prueba de embarazo, dataci\u00f3n gestacional y ecograf\u00eda de viabilidad, y una prueba de detecci\u00f3n de ETS, que se ofrece sin coste alguno para usted.  <\/span><a href=\"https:\/\/thealphacenter.org\/es\/pongase-en-contacto-con-nosotros\/\" data-wpel-link=\"internal\"><br \/>\n  <span style=\"font-weight: 400;\">Solicite uno hoy mismo<\/span><br \/>\n<\/a><span style=\"font-weight: 400;\">.<\/span><\/p>\n<p><span style=\"font-weight: 400;\">Para m\u00e1s informaci\u00f3n sobre la p\u00edldora abortiva, pulse <\/span><a href=\"https:\/\/thealphacenter.org\/es\/preguntas-frecuentes-ru486\/\" data-wpel-link=\"internal\"><br \/>\n  <span style=\"font-weight: 400;\">aqu\u00ed. <\/span><br \/>\n<\/a><span style=\"font-weight: 400;\">Para m\u00e1s informaci\u00f3n sobre los riesgos del aborto farmacol\u00f3gico, haga clic <a href=\"https:\/\/thealphacenter.org\/es\/riesgos-del-aborto-farmacologico\/\" data-wpel-link=\"internal\">aqu\u00ed<\/a>.<\/span><\/p>\n<p>&nbsp;<\/p>\n<p><i><span style=\"font-weight: 400;\">Por Kristen Long, Alpha Center. \u00daltimo editado noviembre 2023.  <\/span><\/i><\/p>\n<p><span style=\"font-weight: 400;\">Fuentes:<\/span><\/p>\n<ol>\n<li style=\"font-weight: 400;\" aria-level=\"1\"><a href=\"https:\/\/www.cpr.org\/2022\/06\/24\/roe-v-wade-has-been-overturned-colorado-will-now-be-one-of-few-places-in-the-west-where-abortion-access-is-the-law\/\" data-wpel-link=\"external\" rel=\"external noopener noreferrer\"><span style=\"font-weight: 400;\">https:\/\/www.cpr.org\/2022\/06\/24\/roe-v-wade-has-been-overturned-colorado-will-now-be-one-of-few-places-in-the-west-where-abortion-access-is-the-law\/<\/span><\/a><\/li>\n<li style=\"font-weight: 400;\" aria-level=\"1\"><a href=\"https:\/\/leg.colorado.gov\/bills\/hb22-1279\" data-wpel-link=\"external\" rel=\"external noopener noreferrer\"><span style=\"font-weight: 400;\">https:\/\/leg.colorado.gov\/bills\/hb22-1279<\/span><\/a><\/li>\n<li style=\"font-weight: 400;\" aria-level=\"1\"><a href=\"https:\/\/cwhccolorado.com\/for-patients\/parental-notification\/index.html\" data-wpel-link=\"external\" rel=\"external noopener noreferrer\"><span style=\"font-weight: 400;\">https:\/\/cwhccolorado.com\/for-patients\/parental-notification\/index.html<\/span><\/a><\/li>\n<li style=\"font-weight: 400;\" aria-level=\"1\"><span style=\"font-weight: 400;\">https:\/\/www.mayoclinic.org\/diseases-conditions\/ectopic-pregnancy\/symptoms-causes\/syc-20372088#:~:text=An%20ectopic%20pregnancy%20occurs%20when,is%20called%20a%20tubal%20pregnancy<\/span><\/li>\n<li style=\"font-weight: 400;\" aria-level=\"1\"><a href=\"https:\/\/www.cdc.gov\/pid\/about\/?CDC_AAref_Val=https:\/\/www.cdc.gov\/std\/pid\/stdfact-pid.htm\" data-wpel-link=\"external\" rel=\"external noopener noreferrer\"><span style=\"font-weight: 400;\">https:\/\/www.cdc.gov\/std\/pid\/stdfact-pid.htm<\/span><\/a><\/li>\n<li style=\"font-weight: 400;\" aria-level=\"1\"><span style=\"font-weight: 400;\">https:\/\/www.webmd.com\/baby\/guide\/pregnancy-miscarriage#1<\/span><\/li>\n<li aria-level=\"1\">https:\/\/obgyn.onlinelibrary.wiley.com\/doi\/abs\/10.1111\/j.1471-0528.2009.02455.x<\/li>\n<\/ol>\n","protected":false},"excerpt":{"rendered":"<p>&nbsp; Descargo de responsabilidad: La informaci\u00f3n en este post se proporciona \u00fanicamente con fines informativos, y no debe no debe interpretarse como asesoramiento jur\u00eddico sobre ning\u00fan tema. P: \u00bfEs legal el aborto en Colorado? R: S\u00ed, el aborto es legal hasta las 40 semanas de gestaci\u00f3n en Colorado. P: \u00bfEl Dobbs afecta a la legalidad<\/p>\n","protected":false},"author":2,"featured_media":3566,"comment_status":"open","ping_status":"open","sticky":false,"template":"","format":"standard","meta":{"_acf_changed":false,"footnotes":""},"categories":[7,6],"tags":[66,68,67,72,70,69,73,71],"class_list":["post-2926","post","type-post","status-publish","format-standard","has-post-thumbnail","hentry","category-faq","category-pregnancy","tag-aborto","tag-aborto-precoz","tag-aborto-quimico","tag-aborto-tardio","tag-centro-alfa","tag-cribado-preaborto","tag-ecografia","tag-fort-collins-es"],"acf":[],"yoast_head":"<!-- This site is optimized with the Yoast SEO Premium plugin v27.0 (Yoast SEO v27.4) - https:\/\/yoast.com\/product\/yoast-seo-premium-wordpress\/ -->\n<title>\u00bfEs legal el aborto en Colorado? - Alpha Center<\/title>\n<meta name=\"description\" content=\"A pesar de la reciente decisi\u00f3n de Dobbs, el aborto sigue siendo legal en Colorado. Siga leyendo para saber lo que debe saber antes de abortar.\" \/>\n<meta name=\"robots\" content=\"index, follow, max-snippet:-1, max-image-preview:large, max-video-preview:-1\" \/>\n<link rel=\"canonical\" href=\"https:\/\/thealphacenter.org\/es\/es-legal-el-aborto-en-colorado\/\" \/>\n<meta property=\"og:locale\" content=\"es_ES\" \/>\n<meta property=\"og:type\" content=\"article\" \/>\n<meta property=\"og:title\" content=\"\u00bfEs legal el aborto en Colorado?\" \/>\n<meta property=\"og:description\" content=\"A pesar de la reciente decisi\u00f3n de Dobbs, el aborto sigue siendo legal en Colorado. Siga leyendo para saber lo que debe saber antes de abortar.\" \/>\n<meta property=\"og:url\" content=\"https:\/\/thealphacenter.org\/es\/es-legal-el-aborto-en-colorado\/\" \/>\n<meta property=\"og:site_name\" content=\"Alpha Center\" \/>\n<meta property=\"article:publisher\" content=\"https:\/\/www.facebook.com\/thealphacenter\" \/>\n<meta property=\"article:published_time\" content=\"2022-08-08T21:09:51+00:00\" \/>\n<meta property=\"article:modified_time\" content=\"2025-10-23T08:25:20+00:00\" \/>\n<meta property=\"og:image\" content=\"https:\/\/thealphacenter.org\/wp-content\/uploads\/2024\/10\/pexels-rpnickson-2609463-scaled.jpg\" \/>\n\t<meta property=\"og:image:width\" content=\"2560\" \/>\n\t<meta property=\"og:image:height\" content=\"1707\" \/>\n\t<meta property=\"og:image:type\" content=\"image\/jpeg\" \/>\n<meta name=\"author\" content=\"clm\" \/>\n<meta name=\"twitter:card\" content=\"summary_large_image\" \/>\n<meta name=\"twitter:label1\" content=\"Written by\" \/>\n\t<meta name=\"twitter:data1\" content=\"clm\" \/>\n\t<meta name=\"twitter:label2\" content=\"Est. reading time\" \/>\n\t<meta name=\"twitter:data2\" content=\"3 minutes\" \/>\n<!-- \/ Yoast SEO Premium plugin. -->","yoast_head_json":{"title":"\u00bfEs legal el aborto en Colorado? - Alpha Center","description":"A pesar de la reciente decisi\u00f3n de Dobbs, el aborto sigue siendo legal en Colorado. Siga leyendo para saber lo que debe saber antes de abortar.","robots":{"index":"index","follow":"follow","max-snippet":"max-snippet:-1","max-image-preview":"max-image-preview:large","max-video-preview":"max-video-preview:-1"},"canonical":"https:\/\/thealphacenter.org\/es\/es-legal-el-aborto-en-colorado\/","og_locale":"es_ES","og_type":"article","og_title":"\u00bfEs legal el aborto en Colorado?","og_description":"A pesar de la reciente decisi\u00f3n de Dobbs, el aborto sigue siendo legal en Colorado. Siga leyendo para saber lo que debe saber antes de abortar.","og_url":"https:\/\/thealphacenter.org\/es\/es-legal-el-aborto-en-colorado\/","og_site_name":"Alpha Center","article_publisher":"https:\/\/www.facebook.com\/thealphacenter","article_published_time":"2022-08-08T21:09:51+00:00","article_modified_time":"2025-10-23T08:25:20+00:00","og_image":[{"width":2560,"height":1707,"url":"https:\/\/thealphacenter.org\/wp-content\/uploads\/2024\/10\/pexels-rpnickson-2609463-scaled.jpg","type":"image\/jpeg"}],"author":"clm","twitter_card":"summary_large_image","twitter_misc":{"Written by":"clm","Est. reading time":"3 minutes"},"schema":{"@context":"https:\/\/schema.org","@graph":[{"@type":"Article","@id":"https:\/\/thealphacenter.org\/es\/es-legal-el-aborto-en-colorado\/#article","isPartOf":{"@id":"https:\/\/thealphacenter.org\/es\/es-legal-el-aborto-en-colorado\/"},"author":{"name":"clm","@id":"https:\/\/thealphacenter.org\/es\/#\/schema\/person\/e67f3aaaf5683d9e97b216ee9708fbe7"},"headline":"\u00bfEs legal el aborto en Colorado?","datePublished":"2022-08-08T21:09:51+00:00","dateModified":"2025-10-23T08:25:20+00:00","mainEntityOfPage":{"@id":"https:\/\/thealphacenter.org\/es\/es-legal-el-aborto-en-colorado\/"},"wordCount":540,"commentCount":0,"publisher":{"@id":"https:\/\/thealphacenter.org\/es\/#organization"},"image":{"@id":"https:\/\/thealphacenter.org\/es\/es-legal-el-aborto-en-colorado\/#primaryimage"},"thumbnailUrl":"https:\/\/thealphacenter.org\/wp-content\/uploads\/2024\/10\/pexels-rpnickson-2609463-scaled.jpg","keywords":["aborto","aborto precoz","aborto qu\u00edmico","aborto tard\u00edo","centro alfa","cribado preaborto","ecograf\u00eda","fort collins"],"articleSection":["FAQ","Pregnancy"],"inLanguage":"es-ES","potentialAction":[{"@type":"CommentAction","name":"Comment","target":["https:\/\/thealphacenter.org\/es\/es-legal-el-aborto-en-colorado\/#respond"]}]},{"@type":"WebPage","@id":"https:\/\/thealphacenter.org\/es\/es-legal-el-aborto-en-colorado\/","url":"https:\/\/thealphacenter.org\/es\/es-legal-el-aborto-en-colorado\/","name":"\u00bfEs legal el aborto en Colorado? - Alpha Center","isPartOf":{"@id":"https:\/\/thealphacenter.org\/es\/#website"},"primaryImageOfPage":{"@id":"https:\/\/thealphacenter.org\/es\/es-legal-el-aborto-en-colorado\/#primaryimage"},"image":{"@id":"https:\/\/thealphacenter.org\/es\/es-legal-el-aborto-en-colorado\/#primaryimage"},"thumbnailUrl":"https:\/\/thealphacenter.org\/wp-content\/uploads\/2024\/10\/pexels-rpnickson-2609463-scaled.jpg","datePublished":"2022-08-08T21:09:51+00:00","dateModified":"2025-10-23T08:25:20+00:00","description":"A pesar de la reciente decisi\u00f3n de Dobbs, el aborto sigue siendo legal en Colorado. Siga leyendo para saber lo que debe saber antes de abortar.","breadcrumb":{"@id":"https:\/\/thealphacenter.org\/es\/es-legal-el-aborto-en-colorado\/#breadcrumb"},"inLanguage":"es-ES","potentialAction":[{"@type":"ReadAction","target":["https:\/\/thealphacenter.org\/es\/es-legal-el-aborto-en-colorado\/"]}]},{"@type":"ImageObject","inLanguage":"es-ES","@id":"https:\/\/thealphacenter.org\/es\/es-legal-el-aborto-en-colorado\/#primaryimage","url":"https:\/\/thealphacenter.org\/wp-content\/uploads\/2024\/10\/pexels-rpnickson-2609463-scaled.jpg","contentUrl":"https:\/\/thealphacenter.org\/wp-content\/uploads\/2024\/10\/pexels-rpnickson-2609463-scaled.jpg","width":2560,"height":1707,"caption":"abortion legality in colorado - two girls sit in front of a mountain"},{"@type":"BreadcrumbList","@id":"https:\/\/thealphacenter.org\/es\/es-legal-el-aborto-en-colorado\/#breadcrumb","itemListElement":[{"@type":"ListItem","position":1,"name":"Home","item":"https:\/\/thealphacenter.org\/es\/"},{"@type":"ListItem","position":2,"name":"\u00bfEs legal el aborto en Colorado?"}]},{"@type":"WebSite","@id":"https:\/\/thealphacenter.org\/es\/#website","url":"https:\/\/thealphacenter.org\/es\/","name":"Alpha Center","description":"","publisher":{"@id":"https:\/\/thealphacenter.org\/es\/#organization"},"potentialAction":[{"@type":"SearchAction","target":{"@type":"EntryPoint","urlTemplate":"https:\/\/thealphacenter.org\/es\/?s={search_term_string}"},"query-input":{"@type":"PropertyValueSpecification","valueRequired":true,"valueName":"search_term_string"}}],"inLanguage":"es-ES"},{"@type":"Organization","@id":"https:\/\/thealphacenter.org\/es\/#organization","name":"Alpha Center","url":"https:\/\/thealphacenter.org\/es\/","logo":{"@type":"ImageObject","inLanguage":"es-ES","@id":"https:\/\/thealphacenter.org\/es\/#\/schema\/logo\/image\/","url":"https:\/\/thealphacenter.org\/wp-content\/uploads\/2025\/03\/horizontal-logo-2022.png","contentUrl":"https:\/\/thealphacenter.org\/wp-content\/uploads\/2025\/03\/horizontal-logo-2022.png","width":700,"height":150,"caption":"Alpha Center"},"image":{"@id":"https:\/\/thealphacenter.org\/es\/#\/schema\/logo\/image\/"},"sameAs":["https:\/\/www.facebook.com\/thealphacenter","https:\/\/www.instagram.com\/thealphacentercolorado"]},{"@type":"Person","@id":"https:\/\/thealphacenter.org\/es\/#\/schema\/person\/e67f3aaaf5683d9e97b216ee9708fbe7","name":"clm","image":{"@type":"ImageObject","inLanguage":"es-ES","@id":"https:\/\/secure.gravatar.com\/avatar\/c24458a882c36348fb73118eb786fc9008ef32f8bda4f0dab301803853db757b?s=96&d=mm&r=g","url":"https:\/\/secure.gravatar.com\/avatar\/c24458a882c36348fb73118eb786fc9008ef32f8bda4f0dab301803853db757b?s=96&d=mm&r=g","contentUrl":"https:\/\/secure.gravatar.com\/avatar\/c24458a882c36348fb73118eb786fc9008ef32f8bda4f0dab301803853db757b?s=96&d=mm&r=g","caption":"clm"},"url":"https:\/\/thealphacenter.org\/es\/author\/clm\/"}]}},"_links":{"self":[{"href":"https:\/\/thealphacenter.org\/es\/wp-json\/wp\/v2\/posts\/2926","targetHints":{"allow":["GET"]}}],"collection":[{"href":"https:\/\/thealphacenter.org\/es\/wp-json\/wp\/v2\/posts"}],"about":[{"href":"https:\/\/thealphacenter.org\/es\/wp-json\/wp\/v2\/types\/post"}],"author":[{"embeddable":true,"href":"https:\/\/thealphacenter.org\/es\/wp-json\/wp\/v2\/users\/2"}],"replies":[{"embeddable":true,"href":"https:\/\/thealphacenter.org\/es\/wp-json\/wp\/v2\/comments?post=2926"}],"version-history":[{"count":6,"href":"https:\/\/thealphacenter.org\/es\/wp-json\/wp\/v2\/posts\/2926\/revisions"}],"predecessor-version":[{"id":4488,"href":"https:\/\/thealphacenter.org\/es\/wp-json\/wp\/v2\/posts\/2926\/revisions\/4488"}],"wp:featuredmedia":[{"embeddable":true,"href":"https:\/\/thealphacenter.org\/es\/wp-json\/wp\/v2\/media\/3566"}],"wp:attachment":[{"href":"https:\/\/thealphacenter.org\/es\/wp-json\/wp\/v2\/media?parent=2926"}],"wp:term":[{"taxonomy":"category","embeddable":true,"href":"https:\/\/thealphacenter.org\/es\/wp-json\/wp\/v2\/categories?post=2926"},{"taxonomy":"post_tag","embeddable":true,"href":"https:\/\/thealphacenter.org\/es\/wp-json\/wp\/v2\/tags?post=2926"}],"curies":[{"name":"wp","href":"https:\/\/api.w.org\/{rel}","templated":true}]}}