{"id":2923,"date":"2022-06-13T21:00:00","date_gmt":"2022-06-14T03:00:00","guid":{"rendered":"https:\/\/thealphacenter.org\/recursos-sobre-trata-de-seres-humanos\/"},"modified":"2024-12-16T16:47:13","modified_gmt":"2024-12-16T23:47:13","slug":"recursos-sobre-trata-de-seres-humanos","status":"publish","type":"post","link":"https:\/\/thealphacenter.org\/es\/recursos-sobre-trata-de-seres-humanos\/","title":{"rendered":"Recursos sobre la trata de seres humanos en Colorado"},"content":{"rendered":"\t\t<div data-elementor-type=\"wp-post\" data-elementor-id=\"2923\" class=\"elementor elementor-2923 elementor-2258\" data-elementor-post-type=\"post\">\n\t\t\t\t<div class=\"elementor-element elementor-element-2301f7a8 e-flex e-con-boxed e-con e-parent\" data-id=\"2301f7a8\" data-element_type=\"container\" data-e-type=\"container\">\n\t\t\t\t\t<div class=\"e-con-inner\">\n\t\t\t\t<div class=\"elementor-element elementor-element-5654c04 elementor-button-warning elementor-align-center elementor-widget elementor-widget-button\" data-id=\"5654c04\" data-element_type=\"widget\" data-e-type=\"widget\" data-widget_type=\"button.default\">\n\t\t\t\t<div class=\"elementor-widget-container\">\n\t\t\t\t\t\t\t\t\t<div class=\"elementor-button-wrapper\">\n\t\t\t\t\t<a class=\"elementor-button elementor-button-link elementor-size-sm\" href=\"http:\/\/www.google.com\" data-wpel-link=\"external\" rel=\"external noopener noreferrer\">\n\t\t\t\t\t\t<span class=\"elementor-button-content-wrapper\">\n\t\t\t\t\t\t\t\t\t<span class=\"elementor-button-text\">SALIR<\/span>\n\t\t\t\t\t<\/span>\n\t\t\t\t\t<\/a>\n\t\t\t\t<\/div>\n\t\t\t\t\t\t\t\t<\/div>\n\t\t\t\t<\/div>\n\t\t\t\t<div class=\"elementor-element elementor-element-6bb38a63 elementor-widget elementor-widget-text-editor\" data-id=\"6bb38a63\" data-element_type=\"widget\" data-e-type=\"widget\" data-widget_type=\"text-editor.default\">\n\t\t\t\t<div class=\"elementor-widget-container\">\n\t\t\t\t\t\t\t\t\t<p style=\"text-align: center;\"><strong>***Por favor, tenga en cuenta que su actividad en l\u00ednea puede ser rastreada. Para salir r\u00e1pidamente de esta p\u00e1gina, haz clic <a href=\"http:\/\/www.google.com\" data-wpel-link=\"external\" rel=\"external noopener noreferrer\">aqu\u00ed<\/a> o en el bot\u00f3n de salida de arriba Si crees que se est\u00e1 vigilando el uso que haces de tu ordenador, utiliza un ordenador p\u00fablico m\u00e1s seguro, como el de la biblioteca***.<\/strong><\/p>\n<p><span style=\"font-weight: 400;\"><strong>Como cl\u00ednica m\u00e9dica que se preocupa por usted, si usted o alguien cercano est\u00e1 sufriendo violencia dom\u00e9stica o tr\u00e1fico de cualquier tipo, por favor h\u00e1gaselo saber a su enfermera o especialista de admisi\u00f3n.<\/strong>  Nos tomamos muy en serio las denuncias y las tratamos con discreci\u00f3n y confidencialidad.  <\/span><\/p>\n<p><img fetchpriority=\"high\" decoding=\"async\" class=\"wp-image-3733 aligncenter\" src=\"https:\/\/thealphacenter.org\/wp-content\/uploads\/2022\/06\/You-Matter-300x300.jpg\" alt=\"Chica disgustada y estresada que busca ayuda para traficar, el texto dice \"todav\u00eda importas\")\" width=\"391\" height=\"391\" srcset=\"https:\/\/thealphacenter.org\/wp-content\/uploads\/2022\/06\/You-Matter-300x300.jpg 300w, https:\/\/thealphacenter.org\/wp-content\/uploads\/2022\/06\/You-Matter-1024x1024.jpg 1024w, https:\/\/thealphacenter.org\/wp-content\/uploads\/2022\/06\/You-Matter-150x150.jpg 150w, https:\/\/thealphacenter.org\/wp-content\/uploads\/2022\/06\/You-Matter-768x768.jpg 768w, https:\/\/thealphacenter.org\/wp-content\/uploads\/2022\/06\/You-Matter-120x120.jpg 120w, https:\/\/thealphacenter.org\/wp-content\/uploads\/2022\/06\/You-Matter-400x400.jpg 400w, https:\/\/thealphacenter.org\/wp-content\/uploads\/2022\/06\/You-Matter-600x600.jpg 600w, https:\/\/thealphacenter.org\/wp-content\/uploads\/2022\/06\/You-Matter.jpg 1080w\" sizes=\"(max-width: 391px) 100vw, 391px\" \/><\/p>\n<h2>Recursos para las v\u00edctimas:<\/h2>\n<h3><a href=\"https:\/\/www.acourageousrose.org\/services\" data-wpel-link=\"external\" rel=\"external noopener noreferrer\">Una rosa valiente<\/a><\/h3>\n<ul>\n<li>Apoyo entre iguales dirigido por supervivientes<\/li>\n<li>Sesiones personales de boxeo y clases en grupo (clases s\u00f3lo para supervivientes)<\/li>\n<li>Asistencia general<\/li>\n<\/ul>\n<h3>Ministerios Ten24:<\/h3>\n<ul>\n<li>Programa de Alimentos y Carebox<\/li>\n<li>Talleres de Formaci\u00f3n Profesional<\/li>\n<\/ul>\n<h3 dir=\"ltr\">Alianza contra la Trata de Denver<\/h3>\n<ul>\n<li dir=\"ltr\"><strong>Adam String, <\/strong>Investigador Criminal Senior de la Oficina del Fiscal del Distrito de Denver, Colorado<\/li>\n<li dir=\"ltr\">720-913-9150<\/li>\n<li dir=\"ltr\"><a href=\"mailto:Adam.String@denverda.org\" target=\"_blank\" rel=\"noopener\">Adam.String@denverda.org<\/a><\/li>\n<\/ul>\n<h3><a href=\"https:\/\/coveredcolorado.org\/\" target=\"_blank\" rel=\"noopener external noreferrer\" data-wpel-link=\"external\">COLORADO CUBIERTO (DENVER)<\/a><\/h3>\n<ul>\n<li>Vivienda Inmediata, Asesoramiento en Crisis, Necesidades B\u00e1sicas, Evaluaci\u00f3n de Adicciones y Salud Mental<\/li>\n<li>Asesoramiento individual y de grupo, clases de habilidades b\u00e1sicas de 10 semanas, tutor\u00eda, apoyo judicial, alojamiento transitorio<\/li>\n<li>Gesti\u00f3n de casos seg\u00fan sea necesario, habilidades para la vida continuadas<\/li>\n<\/ul>\n<h2>L\u00edneas directas contra la trata<\/h2>\n<h3>L\u00ednea directa sobre trata de seres humanos de Colorado<\/h3>\n<p><strong>Llame al <\/strong>1 (866) 455-5075 | <strong> Texto:<\/strong> 720-999-5075<\/p>\n<h3>Centro Nacional de Recursos contra la Trata de Seres Humanos<\/h3>\n<p><strong>L\u00ednea directa:<\/strong> 1 (888) 373-7888 |<strong> Texto:<\/strong> 233733 (Texto AYUDA o INFO) | 24 horas, 7 d\u00edas a la semana<\/p>\n<h3>L\u00ednea directa nacional contra el maltrato infantil<\/h3>\n<p><strong>L\u00ednea directa<\/strong>: 800.422.4453 |<strong>Texto:<\/strong> 800.422.4453 | <strong>Chat en directo: <\/strong><a href=\"https:\/\/www.childhelphotline.org\/\" data-wpel-link=\"external\" rel=\"external noopener noreferrer\">https:\/\/www.childhelphotline.org\/<\/a><\/p>\n<h2>Preguntas frecuentes sobre la trata:<\/h2>\n<h3>\u00bfQu\u00e9 es la trata de seres humanos?<\/h3>\n<p>La trata de seres humanos puede producirse en forma de coacci\u00f3n para el trabajo o el comercio sexual. Seg\u00fan la <a href=\"\" data-wpel-link=\"internal\">Ley de Protecci\u00f3n de las V\u00edctimas de la Trata,<\/a> la trata sexual es &#8220;en la que un acto sexual comercial es inducido por la fuerza, el fraude o la coacci\u00f3n o en la que la persona inducida a realizar tal acto no ha cumplido los 18 a\u00f1os de edad&#8221;. <\/p>\n<h3>\u00bfHay trata de seres humanos en Colorado?<\/h3>\n<p>Desgraciadamente, <a href=\"http:\/\/chrome-extension:\/\/efaidnbmnnnibpcajpcglclefindmkaj\/https:\/\/www.commonsenseinstituteus.org\/ResearchUploads\/CSI%20Report%20-%20CO%20Human%20Trafficking.pdf\" data-wpel-link=\"external\" rel=\"external noopener noreferrer\">s\u00ed<\/a>. Colorado ocupa el puesto n\u00ba 10 en prevalencia del tr\u00e1fico de seres humanos, alcanzando la cifra r\u00e9cord de 84 denuncias en 2023. Los condados de Adams, Boulder y Denver son donde las denuncias son m\u00e1s frecuentes.  <\/p>\n<h3>\u00bfCu\u00e1les son los signos de la Trata de seres humanos?<\/h3>\n<ul>\n<li>Un &#8220;novio mayor&#8221; controlador<\/li>\n<li>Incapacidad para hablar a solas con el individuo<\/li>\n<li>La respuesta parece preparada y ensayada<\/li>\n<li>Signos de abuso, hambre, privaci\u00f3n del sue\u00f1o o drogadicci\u00f3n<\/li>\n<li>No tiene acceso a su propio DNI<\/li>\n<\/ul>\n<p>Ten en cuenta que los indicadores anteriores no son exhaustivos ni constituyen una lista de control.  <strong>Si sospechas que una persona est\u00e1 siendo v\u00edctima de la trata, no intervengas ni te pongas en peligro inmediato. En su lugar, utiliza tu mejor juicio y ponte en contacto con una de las l\u00edneas directas de trata indicadas anteriormente para hacer una denuncia. <\/strong><\/p>\n<h3>El Centro Alfa proporciona:<\/h3>\n<ul>\n<li><a href=\"https:\/\/thealphacenter.org\/es\/pruebas-de-ets\/\" data-wpel-link=\"internal\">Pruebas rutinarias de ITS<\/a><\/li>\n<li><a href=\"https:\/\/thealphacenter.org\/es\/servicios-para-embarazadas\/pruebas-de-embarazo\/\" data-wpel-link=\"internal\">Pruebas de embarazo  <\/a><\/li>\n<li><a href=\"https:\/\/thealphacenter.org\/es\/servicios-para-embarazadas\/deteccion-preaborto\/\" data-wpel-link=\"internal\">Detecci\u00f3n preaborto<\/a><\/li>\n<li>Asesoramiento profesional<\/li>\n<li>Conexiones con recursos comunitarios<\/li>\n<\/ul>\n\t\t\t\t\t\t\t\t<\/div>\n\t\t\t\t<\/div>\n\t\t\t\t\t<\/div>\n\t\t\t\t<\/div>\n\t\t\t\t<\/div>\n\t\t","protected":false},"excerpt":{"rendered":"<p>SALIR ***Por favor, tenga en cuenta que su actividad en l\u00ednea puede ser rastreada. Para salir r\u00e1pidamente de esta p\u00e1gina, haz clic aqu\u00ed o en el bot\u00f3n de salida de arriba Si crees que se est\u00e1 vigilando el uso que haces de tu ordenador, utiliza un ordenador p\u00fablico m\u00e1s seguro, como el de la biblioteca***.<\/p>\n","protected":false},"author":2,"featured_media":3734,"comment_status":"open","ping_status":"open","sticky":false,"template":"","format":"standard","meta":{"_acf_changed":false,"footnotes":""},"categories":[234],"tags":[],"class_list":["post-2923","post","type-post","status-publish","format-standard","has-post-thumbnail","hentry","category-recursos"],"acf":[],"yoast_head":"<!-- This site is optimized with the Yoast SEO Premium plugin v27.0 (Yoast SEO v27.5) - https:\/\/yoast.com\/product\/yoast-seo-premium-wordpress\/ -->\n<title>Recursos sobre la trata de seres humanos en Colorado -<\/title>\n<meta name=\"description\" content=\"Recopilaci\u00f3n de recursos sobre trata de personas para las v\u00edctimas del norte de Colorado. Inf\u00f3rmate sobre estas organizaciones de ayuda.\" \/>\n<meta name=\"robots\" content=\"index, follow, max-snippet:-1, max-image-preview:large, max-video-preview:-1\" \/>\n<link rel=\"canonical\" href=\"https:\/\/thealphacenter.org\/es\/recursos-sobre-trata-de-seres-humanos\/\" \/>\n<meta property=\"og:locale\" content=\"es_ES\" \/>\n<meta property=\"og:type\" content=\"article\" \/>\n<meta property=\"og:title\" content=\"Recursos sobre la trata de seres humanos en Colorado\" \/>\n<meta property=\"og:description\" content=\"Recopilaci\u00f3n de recursos sobre trata de personas para las v\u00edctimas del norte de Colorado. Inf\u00f3rmate sobre estas organizaciones de ayuda.\" \/>\n<meta property=\"og:url\" content=\"https:\/\/thealphacenter.org\/es\/recursos-sobre-trata-de-seres-humanos\/\" \/>\n<meta property=\"og:site_name\" content=\"Alpha Center\" \/>\n<meta property=\"article:publisher\" content=\"https:\/\/www.facebook.com\/thealphacenter\" \/>\n<meta property=\"article:published_time\" content=\"2022-06-14T03:00:00+00:00\" \/>\n<meta property=\"article:modified_time\" content=\"2024-12-16T23:47:13+00:00\" \/>\n<meta property=\"og:image\" content=\"https:\/\/thealphacenter.org\/wp-content\/uploads\/2022\/06\/You-Matter.jpg\" \/>\n\t<meta property=\"og:image:width\" content=\"1080\" \/>\n\t<meta property=\"og:image:height\" content=\"1080\" \/>\n\t<meta property=\"og:image:type\" content=\"image\/jpeg\" \/>\n<meta name=\"author\" content=\"clm\" \/>\n<meta name=\"twitter:card\" content=\"summary_large_image\" \/>\n<meta name=\"twitter:label1\" content=\"Written by\" \/>\n\t<meta name=\"twitter:data1\" content=\"clm\" \/>\n\t<meta name=\"twitter:label2\" content=\"Est. reading time\" \/>\n\t<meta name=\"twitter:data2\" content=\"3 minutes\" \/>\n<!-- \/ Yoast SEO Premium plugin. -->","yoast_head_json":{"title":"Recursos sobre la trata de seres humanos en Colorado -","description":"Recopilaci\u00f3n de recursos sobre trata de personas para las v\u00edctimas del norte de Colorado. Inf\u00f3rmate sobre estas organizaciones de ayuda.","robots":{"index":"index","follow":"follow","max-snippet":"max-snippet:-1","max-image-preview":"max-image-preview:large","max-video-preview":"max-video-preview:-1"},"canonical":"https:\/\/thealphacenter.org\/es\/recursos-sobre-trata-de-seres-humanos\/","og_locale":"es_ES","og_type":"article","og_title":"Recursos sobre la trata de seres humanos en Colorado","og_description":"Recopilaci\u00f3n de recursos sobre trata de personas para las v\u00edctimas del norte de Colorado. Inf\u00f3rmate sobre estas organizaciones de ayuda.","og_url":"https:\/\/thealphacenter.org\/es\/recursos-sobre-trata-de-seres-humanos\/","og_site_name":"Alpha Center","article_publisher":"https:\/\/www.facebook.com\/thealphacenter","article_published_time":"2022-06-14T03:00:00+00:00","article_modified_time":"2024-12-16T23:47:13+00:00","og_image":[{"width":1080,"height":1080,"url":"https:\/\/thealphacenter.org\/wp-content\/uploads\/2022\/06\/You-Matter.jpg","type":"image\/jpeg"}],"author":"clm","twitter_card":"summary_large_image","twitter_misc":{"Written by":"clm","Est. reading time":"3 minutes"},"schema":{"@context":"https:\/\/schema.org","@graph":[{"@type":"Article","@id":"https:\/\/thealphacenter.org\/es\/recursos-sobre-trata-de-seres-humanos\/#article","isPartOf":{"@id":"https:\/\/thealphacenter.org\/es\/recursos-sobre-trata-de-seres-humanos\/"},"author":{"name":"clm","@id":"https:\/\/thealphacenter.org\/es\/#\/schema\/person\/e67f3aaaf5683d9e97b216ee9708fbe7"},"headline":"Recursos sobre la trata de seres humanos en Colorado","datePublished":"2022-06-14T03:00:00+00:00","dateModified":"2024-12-16T23:47:13+00:00","mainEntityOfPage":{"@id":"https:\/\/thealphacenter.org\/es\/recursos-sobre-trata-de-seres-humanos\/"},"wordCount":568,"commentCount":0,"publisher":{"@id":"https:\/\/thealphacenter.org\/es\/#organization"},"image":{"@id":"https:\/\/thealphacenter.org\/es\/recursos-sobre-trata-de-seres-humanos\/#primaryimage"},"thumbnailUrl":"https:\/\/thealphacenter.org\/wp-content\/uploads\/2022\/06\/You-Matter.jpg","articleSection":["Recursos"],"inLanguage":"es-ES","potentialAction":[{"@type":"CommentAction","name":"Comment","target":["https:\/\/thealphacenter.org\/es\/recursos-sobre-trata-de-seres-humanos\/#respond"]}]},{"@type":"WebPage","@id":"https:\/\/thealphacenter.org\/es\/recursos-sobre-trata-de-seres-humanos\/","url":"https:\/\/thealphacenter.org\/es\/recursos-sobre-trata-de-seres-humanos\/","name":"Recursos sobre la trata de seres humanos en Colorado -","isPartOf":{"@id":"https:\/\/thealphacenter.org\/es\/#website"},"primaryImageOfPage":{"@id":"https:\/\/thealphacenter.org\/es\/recursos-sobre-trata-de-seres-humanos\/#primaryimage"},"image":{"@id":"https:\/\/thealphacenter.org\/es\/recursos-sobre-trata-de-seres-humanos\/#primaryimage"},"thumbnailUrl":"https:\/\/thealphacenter.org\/wp-content\/uploads\/2022\/06\/You-Matter.jpg","datePublished":"2022-06-14T03:00:00+00:00","dateModified":"2024-12-16T23:47:13+00:00","description":"Recopilaci\u00f3n de recursos sobre trata de personas para las v\u00edctimas del norte de Colorado. Inf\u00f3rmate sobre estas organizaciones de ayuda.","breadcrumb":{"@id":"https:\/\/thealphacenter.org\/es\/recursos-sobre-trata-de-seres-humanos\/#breadcrumb"},"inLanguage":"es-ES","potentialAction":[{"@type":"ReadAction","target":["https:\/\/thealphacenter.org\/es\/recursos-sobre-trata-de-seres-humanos\/"]}]},{"@type":"ImageObject","inLanguage":"es-ES","@id":"https:\/\/thealphacenter.org\/es\/recursos-sobre-trata-de-seres-humanos\/#primaryimage","url":"https:\/\/thealphacenter.org\/wp-content\/uploads\/2022\/06\/You-Matter.jpg","contentUrl":"https:\/\/thealphacenter.org\/wp-content\/uploads\/2022\/06\/You-Matter.jpg","width":1080,"height":1080,"caption":"Girl upset and stressed and looking for trafficking help, text says \"you still matter)"},{"@type":"BreadcrumbList","@id":"https:\/\/thealphacenter.org\/es\/recursos-sobre-trata-de-seres-humanos\/#breadcrumb","itemListElement":[{"@type":"ListItem","position":1,"name":"Home","item":"https:\/\/thealphacenter.org\/es\/"},{"@type":"ListItem","position":2,"name":"Recursos sobre la trata de seres humanos en Colorado"}]},{"@type":"WebSite","@id":"https:\/\/thealphacenter.org\/es\/#website","url":"https:\/\/thealphacenter.org\/es\/","name":"Alpha Center","description":"","publisher":{"@id":"https:\/\/thealphacenter.org\/es\/#organization"},"potentialAction":[{"@type":"SearchAction","target":{"@type":"EntryPoint","urlTemplate":"https:\/\/thealphacenter.org\/es\/?s={search_term_string}"},"query-input":{"@type":"PropertyValueSpecification","valueRequired":true,"valueName":"search_term_string"}}],"inLanguage":"es-ES"},{"@type":"Organization","@id":"https:\/\/thealphacenter.org\/es\/#organization","name":"Alpha Center","url":"https:\/\/thealphacenter.org\/es\/","logo":{"@type":"ImageObject","inLanguage":"es-ES","@id":"https:\/\/thealphacenter.org\/es\/#\/schema\/logo\/image\/","url":"https:\/\/thealphacenter.org\/wp-content\/uploads\/2025\/03\/horizontal-logo-2022.png","contentUrl":"https:\/\/thealphacenter.org\/wp-content\/uploads\/2025\/03\/horizontal-logo-2022.png","width":700,"height":150,"caption":"Alpha Center"},"image":{"@id":"https:\/\/thealphacenter.org\/es\/#\/schema\/logo\/image\/"},"sameAs":["https:\/\/www.facebook.com\/thealphacenter","https:\/\/www.instagram.com\/thealphacentercolorado"]},{"@type":"Person","@id":"https:\/\/thealphacenter.org\/es\/#\/schema\/person\/e67f3aaaf5683d9e97b216ee9708fbe7","name":"clm","image":{"@type":"ImageObject","inLanguage":"es-ES","@id":"https:\/\/secure.gravatar.com\/avatar\/c24458a882c36348fb73118eb786fc9008ef32f8bda4f0dab301803853db757b?s=96&d=mm&r=g","url":"https:\/\/secure.gravatar.com\/avatar\/c24458a882c36348fb73118eb786fc9008ef32f8bda4f0dab301803853db757b?s=96&d=mm&r=g","contentUrl":"https:\/\/secure.gravatar.com\/avatar\/c24458a882c36348fb73118eb786fc9008ef32f8bda4f0dab301803853db757b?s=96&d=mm&r=g","caption":"clm"},"url":"https:\/\/thealphacenter.org\/es\/author\/clm\/"}]}},"_links":{"self":[{"href":"https:\/\/thealphacenter.org\/es\/wp-json\/wp\/v2\/posts\/2923","targetHints":{"allow":["GET"]}}],"collection":[{"href":"https:\/\/thealphacenter.org\/es\/wp-json\/wp\/v2\/posts"}],"about":[{"href":"https:\/\/thealphacenter.org\/es\/wp-json\/wp\/v2\/types\/post"}],"author":[{"embeddable":true,"href":"https:\/\/thealphacenter.org\/es\/wp-json\/wp\/v2\/users\/2"}],"replies":[{"embeddable":true,"href":"https:\/\/thealphacenter.org\/es\/wp-json\/wp\/v2\/comments?post=2923"}],"version-history":[{"count":8,"href":"https:\/\/thealphacenter.org\/es\/wp-json\/wp\/v2\/posts\/2923\/revisions"}],"predecessor-version":[{"id":3743,"href":"https:\/\/thealphacenter.org\/es\/wp-json\/wp\/v2\/posts\/2923\/revisions\/3743"}],"wp:featuredmedia":[{"embeddable":true,"href":"https:\/\/thealphacenter.org\/es\/wp-json\/wp\/v2\/media\/3734"}],"wp:attachment":[{"href":"https:\/\/thealphacenter.org\/es\/wp-json\/wp\/v2\/media?parent=2923"}],"wp:term":[{"taxonomy":"category","embeddable":true,"href":"https:\/\/thealphacenter.org\/es\/wp-json\/wp\/v2\/categories?post=2923"},{"taxonomy":"post_tag","embeddable":true,"href":"https:\/\/thealphacenter.org\/es\/wp-json\/wp\/v2\/tags?post=2923"}],"curies":[{"name":"wp","href":"https:\/\/api.w.org\/{rel}","templated":true}]}}